[{"@context":"https:\/\/schema.org\/","@type":"Article","@id":"https:\/\/www.transtur.cz\/elektrarna-na-dobu-urcitou\/#Article","mainEntityOfPage":"https:\/\/www.transtur.cz\/elektrarna-na-dobu-urcitou\/","headline":"Elektr\u00e1rna na dobu ur\u010ditou","name":"Elektr\u00e1rna na dobu ur\u010ditou","description":"Jestli\u017ee budete pot\u0159ebovat elektrickou energii v takov\u00fdch m\u00edstech, kam je\u0161t\u011b nedo\u0161la, pak si m\u016f\u017eete vybrat v podstat\u011b ze dvou mo\u017enost\u00ed, jak z\u00edskat funk\u010dn\u00ed z\u00e1suvku. o V p\u0159\u00edpad\u011b, \u017ee se rozhodnete na tomto m\u00edst\u011b postavit nap\u0159\u00edklad rodinn\u00fd d\u016fm nebo v\u00edkendovou chatu, pak bude dobr\u00fdm \u0159e\u0161en\u00edm ostrovn\u00ed sol\u00e1rn\u00ed elektr\u00e1rna. S jej\u00ed pomoc\u00ed budete m\u00edt p\u0159\u00edstup k elektrick\u00e9 [&hellip;]","datePublished":"2017-12-23","dateModified":"2023-04-29","author":{"@type":"Person","@id":"https:\/\/www.transtur.cz\/author\/#Person","name":"","url":"https:\/\/www.transtur.cz\/author\/","identifier":1,"image":{"@type":"ImageObject","@id":"https:\/\/secure.gravatar.com\/avatar\/afe3e9c307ddf0b756c397ad75c6ecdba1f9da628b10651fe33a13bba6407ccd?s=96&d=mm&r=g","url":"https:\/\/secure.gravatar.com\/avatar\/afe3e9c307ddf0b756c397ad75c6ecdba1f9da628b10651fe33a13bba6407ccd?s=96&d=mm&r=g","height":96,"width":96}},"publisher":{"@type":"Organization","name":"transtur.cz","logo":{"@type":"ImageObject","@id":"\/logo.png","url":"\/logo.png","width":600,"height":60}},"image":{"@type":"ImageObject","@id":"https:\/\/www.transtur.cz\/wp-content\/uploads\/img_a306767_w2233_t1517995323.jpg","url":"https:\/\/www.transtur.cz\/wp-content\/uploads\/img_a306767_w2233_t1517995323.jpg","height":0,"width":0},"url":"https:\/\/www.transtur.cz\/elektrarna-na-dobu-urcitou\/","about":["Podnik\u00e1n\u00ed"],"wordCount":414,"articleBody":"   Jestli\u017ee budete pot\u0159ebovat elektrickou energii v takov\u00fdch m\u00edstech, kam je\u0161t\u011b nedo\u0161la, pak si m\u016f\u017eete vybrat v podstat\u011b ze dvou mo\u017enost\u00ed, jak z\u00edskat funk\u010dn\u00ed z\u00e1suvku.  o V p\u0159\u00edpad\u011b, \u017ee se rozhodnete na tomto m\u00edst\u011b postavit nap\u0159\u00edklad rodinn\u00fd d\u016fm nebo v\u00edkendovou chatu, pak bude dobr\u00fdm \u0159e\u0161en\u00edm ostrovn\u00ed sol\u00e1rn\u00ed elektr\u00e1rna. S jej\u00ed pomoc\u00ed budete m\u00edt p\u0159\u00edstup k elektrick\u00e9 energii bez probl\u00e9m\u016f. o Druhou mo\u017enost\u00ed je nav\u0161t\u00edvit m\u00edsto, kter\u00e9 se jmenuje p\u016fj\u010dovna gener\u00e1tor\u016f. P\u016fj\u010dovna je zaj\u00edmav\u00e1 z n\u011bkolika hledisek. Jako prvn\u00ed v\u00e1s ur\u010dit\u011b zaujme to, \u017ee gener\u00e1tory, kter\u00e9 si zde m\u016f\u017eete pronajmout, jsou za opravdu n\u00edzk\u00e9 ceny. Za\u0159\u00edzen\u00ed na v\u00fdrobu elektrick\u00e9 energie jsou schopny zajistit proud nap\u0159\u00edklad na pot\u0159ebu provoz\u016f zimn\u00edch skiare\u00e1l\u016f.Na gener\u00e1tor se mohou p\u0159ipojit r\u016fzn\u00e9 zasn\u011b\u017eovac\u00ed stroje nebo st\u00e1nky s ob\u010derstven\u00edm. Bez proudu doch\u00e1z\u00ed ke ztr\u00e1t\u00e1m Bez elekt\u0159iny se v sou\u010dasnosti neobejde http:\/\/www.vetas.cz\/clanky\/stavba-pergoly  asi t\u00e9m\u011b\u0159 nikdo. A to jak v dom\u00e1cnosti, tak i ve firm\u011b. P\u0159ev\u00e1\u017en\u00e1 v\u011bt\u0161ina firem pou\u017e\u00edv\u00e1 p\u0159i sv\u00e9 pr\u00e1ci po\u010d\u00edta\u010de, bez kter\u00fdch by u\u017e dnes nemohli jej\u00ed pracovn\u00edci fungovat. \u00b7 Pokud dojde k v\u00fdpadku proudu, d\u0159\u00edve \u010di pozd\u011bji za\u010dnou doch\u00e1zet v notebooc\u00edch baterie. \u00b7 Stoln\u00ed po\u010d\u00edta\u010de p\u0159estaly fungovat ve chv\u00edli v\u00fdpadku. A jist\u011b to zn\u00e1me v\u0161ichni. JAKMILE SE NOTEBOOK ZNI\u010cEHO\u017dNIC VYPNE, HROZ\u00cd ZTR\u00c1TA V\u0160ECH NEULO\u017dEN\u00ddCH DAT. Napojen\u00edm na elektrocentr\u00e1lu k tomuto probl\u00e9mu nedojde.  o Tyto slu\u017eby vyu\u017e\u00edvaj\u00ed tak\u00e9 vesnice a m\u00edsta, kter\u00e1 za\u017e\u00edvaj\u00ed dost \u010dasto, \u017ee jsou odpojeni z d\u016fvodu n\u011bjak\u00e9 poruchy. o V\u011bt\u0161inou se jedn\u00e1 o horsk\u00e9 vesni\u010dky. Pokud by probl\u00e9m p\u0159etrv\u00e1val po del\u0161\u00ed dobu, pak by mohlo doch\u00e1zet k v\u011bt\u0161\u00edm ztr\u00e1t\u00e1m na majetku. Zejm\u00e9na t\u00edm, \u017ee by se za\u010daly kazit potraviny v lednic\u00edch a mraz\u00e1c\u00edch. Pron\u00e1jmu gener\u00e1tor\u016f vyu\u017e\u00edvaj\u00ed ale i po\u0159adatel\u00e9 r\u016fzn\u00fdch sportovn\u00edch nebo spole\u010densk\u00fdch akc\u00ed. Bez energie se ur\u010dit\u011b neobejde nap\u0159\u00edklad rockov\u00fd koncert pod \u0161ir\u00fdm nebem.                                                                                                                                                                                                                                                                                                                                                                                          4.7\/5 - (10 votes)        "},{"@context":"https:\/\/schema.org\/","@type":"BreadcrumbList","itemListElement":[{"@type":"ListItem","position":1,"name":"Elektr\u00e1rna na dobu ur\u010ditou","item":"https:\/\/www.transtur.cz\/elektrarna-na-dobu-urcitou\/#breadcrumbitem"}]}]