[{"@context":"https:\/\/schema.org\/","@type":"Article","@id":"https:\/\/www.transtur.cz\/deti-a-kolo\/#Article","mainEntityOfPage":"https:\/\/www.transtur.cz\/deti-a-kolo\/","headline":"D\u011bti a kolo","name":"D\u011bti a kolo","description":"Jsou v\u011bci, kter\u00e9 d\u00edt\u011b rozhodn\u011b pot\u011b\u0161\u00ed. P\u0159\u00edkladem je takov\u00e9 kolo. Je ur\u010dit\u011b dobr\u00e9, pokud va\u0161e d\u00edt\u011b za\u010dnete u\u017e v\u00a0mlad\u0161\u00edm v\u011bku u\u010dit na odr\u00e1\u017eedle, aby si zvyklo a vy mu \u010dasem mohli po\u0159\u00eddit kolo, na kter\u00e9m bude moct jezdit.\u00a0Dnes dokonce existuj\u00ed i odr\u00e1\u017eedla, kter\u00e1 vypadaj\u00ed jako kolo, tak\u017ee pokud byste va\u0161emu d\u00edt\u011bti do budoucna n\u011bjak\u00e9 to [&hellip;]","datePublished":"2022-08-23","dateModified":"2023-04-29","author":{"@type":"Person","@id":"https:\/\/www.transtur.cz\/author\/#Person","name":"","url":"https:\/\/www.transtur.cz\/author\/","identifier":1,"image":{"@type":"ImageObject","@id":"https:\/\/secure.gravatar.com\/avatar\/afe3e9c307ddf0b756c397ad75c6ecdba1f9da628b10651fe33a13bba6407ccd?s=96&d=mm&r=g","url":"https:\/\/secure.gravatar.com\/avatar\/afe3e9c307ddf0b756c397ad75c6ecdba1f9da628b10651fe33a13bba6407ccd?s=96&d=mm&r=g","height":96,"width":96}},"publisher":{"@type":"Organization","name":"transtur.cz","logo":{"@type":"ImageObject","@id":"\/logo.png","url":"\/logo.png","width":600,"height":60}},"image":{"@type":"ImageObject","@id":"https:\/\/www.transtur.cz\/wp-content\/uploads\/kolo%20a%20d%C4%9Bti_2.JPG","url":"https:\/\/www.transtur.cz\/wp-content\/uploads\/kolo%20a%20d%C4%9Bti_2.JPG","height":0,"width":0},"url":"https:\/\/www.transtur.cz\/deti-a-kolo\/","about":["D\u011bti"],"wordCount":456,"articleBody":"Jsou v\u011bci, kter\u00e9 d\u00edt\u011b rozhodn\u011b pot\u011b\u0161\u00ed. P\u0159\u00edkladem je takov\u00e9 kolo. Je ur\u010dit\u011b dobr\u00e9, pokud va\u0161e d\u00edt\u011b za\u010dnete u\u017e v\u00a0mlad\u0161\u00edm v\u011bku u\u010dit na odr\u00e1\u017eedle, aby si zvyklo a vy mu \u010dasem mohli po\u0159\u00eddit kolo, na kter\u00e9m bude moct jezdit.\u00a0Dnes dokonce existuj\u00ed i odr\u00e1\u017eedla, kter\u00e1 vypadaj\u00ed jako kolo, tak\u017ee pokud byste va\u0161emu d\u00edt\u011bti do budoucna n\u011bjak\u00e9 to kolo zakoupili, jist\u011b bude dan\u00e9 d\u00edt\u011b p\u0159esn\u011b v\u011bd\u011bt, o co se jedn\u00e1.\u00a0Ur\u010dit\u011b je vhodn\u00e9 nezapomenout na to, \u017ee pokud kupujete prvn\u00ed kolo pro va\u0161e d\u00edt\u011b, m\u011blo by m\u00edt rad\u011bji pomocn\u00e1 kole\u010dka, kter\u00e1 zajist\u00ed, aby d\u00edt\u011b p\u0159i j\u00edzd\u011b nespadlo. Jakmile se na to bude va\u0161e d\u00edt\u011b c\u00edtit, bude mo\u017en\u00e9 dan\u00e1 kole\u010dka sundat.Je ur\u010dit\u011b dobr\u00e9 p\u0159ipravit se na to, \u017ee ne\u017e se d\u00edt\u011b v\u0161emu nau\u010d\u00ed, setk\u00e1 se s\u00a0mnoh\u00fdmi p\u00e1dy. Chyb\u011bt ur\u010dit\u011b nebudou od\u0159en\u00e1 kolena, pokud se nerozhodnete va\u0161emu d\u00edt\u011bti koupit chr\u00e1ni\u010de na lokty a kolena. N\u011bco takov\u00e9ho by nemuselo b\u00fdt \u00fapln\u011b \u0161patn\u00e9 a to minim\u00e1ln\u011b ze za\u010d\u00e1tku.P\u0159i koupi kola rozhodn\u011b nezapome\u0148te zakoupit i p\u0159ilbu, proto\u017ee pr\u00e1v\u011b ta bude chr\u00e1nit hlavu va\u0161eho d\u00edt\u011bte. V\u017edy byste m\u011bli db\u00e1t na to, aby dan\u00e9 d\u00edt\u011b m\u011blo na hlav\u011b p\u0159ilbu, pokud se zrovna rozhodne jezdit na kole.Je pot\u0159eba, aby v\u0161echny d\u016fle\u017eit\u00e9 \u010d\u00e1sti t\u011bla va\u0161eho d\u00edt\u011bte byly chr\u00e1n\u011bny. Nikdy nev\u00edte, kdy se m\u016f\u017ee st\u00e1t, \u017ee va\u0161e d\u00edt\u011b o\u0161kliv\u011b upadne a m\u016f\u017ee se tak zranit.Koupit d\u00edt\u011bti kolo je skute\u010dn\u011b dobr\u00fd n\u00e1pad. Dnes u\u017e nen\u00ed probl\u00e9m takov\u00e9 kolo sehnat, tak\u017ee bude na v\u00e1s, kde se rozhodnete n\u011bco takov\u00e9ho po\u0159\u00eddit. V\u017edy ale dbejte na to, abyste koupili kolo, kter\u00e9 bude m\u00edt dostate\u010dnou velikost. Pokud jste ji\u017e n\u011bkdy kupovali kolo, pak jist\u011b moc dob\u0159e v\u00edte, \u017ee se takov\u00e9 kolo prod\u00e1v\u00e1 v\u00a0r\u016fzn\u00fdch velikostech a je pot\u0159eba ud\u011blat v\u0161e proto, abyste koupili ide\u00e1ln\u011b velk\u00e9 kolo pr\u00e1v\u011b pro va\u0161e d\u00edt\u011b. Jestli\u017ee si nebudete v\u011bd\u011bt rady, pora\u010fte se s\u00a0\u010dlov\u011bkem, kter\u00fd dan\u00e9 kolo prod\u00e1v\u00e1. Jist\u011b spole\u010dn\u011b p\u0159ijdete na to, kter\u00e9 kolo bude pro va\u0161e d\u00edt\u011b to nejlep\u0161\u00ed. Odv\u00edj\u00ed se to zejm\u00e9na od v\u00fd\u0161ky dan\u00e9ho d\u00edt\u011bte.                                                                                                                                                                                                                                                                                                                                                                                        4\/5 - (13 votes)        "},{"@context":"https:\/\/schema.org\/","@type":"BreadcrumbList","itemListElement":[{"@type":"ListItem","position":1,"name":"D\u011bti a kolo","item":"https:\/\/www.transtur.cz\/deti-a-kolo\/#breadcrumbitem"}]}]