[{"@context":"https:\/\/schema.org\/","@type":"Article","@id":"https:\/\/www.transtur.cz\/cesi-kteri-dobyli-svet\/#Article","mainEntityOfPage":"https:\/\/www.transtur.cz\/cesi-kteri-dobyli-svet\/","headline":"\u010ce\u0161i, kte\u0159\u00ed dobyli sv\u011bt","name":"\u010ce\u0161i, kte\u0159\u00ed dobyli sv\u011bt","description":"Bed\u0159ich Smetana B\u011bhem sv\u00e9ho \u017eivota byl tento hudebn\u00ed velik\u00e1n napad\u00e1n, \u017ee p\u0159\u00edli\u0161 kop\u00edruje ciz\u00ed vzory. Tomuto na\u0159\u010den\u00ed se p\u0159irozen\u011b Smetana br\u00e1nil. Pozd\u011bji musel bojovat s\u00a0je\u0161t\u011b v\u011bt\u0161\u00ed nep\u0159\u00edzn\u00ed osudu, a to kdy\u017e v\u00a0roce 1874 ohluchnul. Nicm\u00e9n\u011b pr\u00e1v\u011b v\u00a0t\u00e9to dob\u011b komponuje skladatel sv\u00e9 vrcholn\u00e9 d\u00edlo, cyklus \u0161esti symfonick\u00fdch b\u00e1sn\u00ed M\u00e1 vlast. Nejzn\u00e1m\u011bj\u0161\u00ed se stala jej\u00ed druh\u00e1 \u010d\u00e1st [&hellip;]","datePublished":"2025-02-28","dateModified":"2023-04-29","author":{"@type":"Person","@id":"https:\/\/www.transtur.cz\/author\/#Person","name":"","url":"https:\/\/www.transtur.cz\/author\/","identifier":1,"image":{"@type":"ImageObject","@id":"https:\/\/secure.gravatar.com\/avatar\/afe3e9c307ddf0b756c397ad75c6ecdba1f9da628b10651fe33a13bba6407ccd?s=96&d=mm&r=g","url":"https:\/\/secure.gravatar.com\/avatar\/afe3e9c307ddf0b756c397ad75c6ecdba1f9da628b10651fe33a13bba6407ccd?s=96&d=mm&r=g","height":96,"width":96}},"publisher":{"@type":"Organization","name":"transtur.cz","logo":{"@type":"ImageObject","@id":"\/logo.png","url":"\/logo.png","width":600,"height":60}},"image":{"@type":"ImageObject","@id":"https:\/\/www.transtur.cz\/wp-content\/uploads\/img_a313398_w2351_t1524122946.jpg","url":"https:\/\/www.transtur.cz\/wp-content\/uploads\/img_a313398_w2351_t1524122946.jpg","height":0,"width":0},"url":"https:\/\/www.transtur.cz\/cesi-kteri-dobyli-svet\/","wordCount":488,"articleBody":"Bed\u0159ich Smetana\tB\u011bhem sv\u00e9ho \u017eivota byl tento hudebn\u00ed velik\u00e1n napad\u00e1n, \u017ee p\u0159\u00edli\u0161 kop\u00edruje ciz\u00ed vzory. Tomuto na\u0159\u010den\u00ed se p\u0159irozen\u011b Smetana br\u00e1nil. Pozd\u011bji musel bojovat s\u00a0je\u0161t\u011b v\u011bt\u0161\u00ed nep\u0159\u00edzn\u00ed osudu, a to kdy\u017e v\u00a0roce 1874 ohluchnul. Nicm\u00e9n\u011b pr\u00e1v\u011b v\u00a0t\u00e9to dob\u011b komponuje skladatel sv\u00e9 vrcholn\u00e9 d\u00edlo, cyklus \u0161esti symfonick\u00fdch b\u00e1sn\u00ed M\u00e1 vlast. Nejzn\u00e1m\u011bj\u0161\u00ed se stala jej\u00ed druh\u00e1 \u010d\u00e1st pod n\u00e1zvem Vltava. Hluchota v\u0161ak zanechala na skladatelovi hlubok\u00e9 stopy, tak\u017ee nakonec um\u00edr\u00e1 v\u00a0\u00fastavu pro choromysln\u00e9.\t\tJaroslav Seifert\tDosud jedin\u00fd \u010desk\u00fd nositel Nobelovy ceny za literaturu. Bohu\u017eel se tento v\u011bhlasn\u00fd b\u00e1sn\u00edk narodil pro n\u011bj ve \u0161patn\u00e9 dob\u011b a vzhledem k\u00a0tomu, \u017ee nem\u011bl s komunistick\u00fdm\u00a0re\u017eimem pr\u00e1v\u011b ty nejlep\u0161\u00ed vztahy, odbyla tuto obdivuhodnou skute\u010dnost m\u00e9dia v\u00a0roce 1984 pouhou v\u011bcnou zm\u00ednkou.\t\tAlfons Mucha\tMal\u00ed\u0159, p\u0159edstavitel secesn\u00edho stylu, jeho\u017e plak\u00e1t pro p\u0159edstaven\u00ed, v\u00a0n\u011bm\u017e hr\u00e1la slavn\u00e1 francouzsk\u00e1 here\u010dka Sarah Bernhardtov\u00e1, je zn\u00e1m\u00fd po cel\u00e9m sv\u011bt\u011b. Jeho cyklus Slovansk\u00e1 epopej je dodnes p\u0159edm\u011btem spor\u016f. Zem\u0159el roku 1939 po v\u00fdslechu gestapem na z\u00e1pal plic.\tKarel \u010capek\tJeho bratr vymyslel zcela nov\u00e9 slovo robot a on mu svou skv\u011blou tvorbou dodal celosv\u011btov\u00e9 zn\u00e1mosti. \u010capek byl sedmkr\u00e1t navr\u017een na Nobelovu cenu za literaturu, bohu\u017eel ji v\u0161ak nikdy nedostal. Jeho d\u00edla byla s\u00a0bl\u00ed\u017e\u00edc\u00ed se\u00a0hrozbou druh\u00e9 sv\u011btov\u00e9 v\u00e1lky \u010d\u00edm d\u00e1l v\u00edce protiv\u00e1le\u010dn\u011b a protinacisticky zam\u011b\u0159en\u00e1, co\u017e se samoz\u0159ejm\u011b poutalo pozornost gestapa. \u010capek zem\u0159el na V\u00e1noce roku 1938, jeho bratr bohu\u017eel nacist\u016fm neunikl a zem\u0159el v\u00a0koncentra\u010dn\u00edm t\u00e1bo\u0159e.\tDavid \u010cern\u00fd\tUm\u011blec, kter\u00fd je po cel\u00e9m sv\u011bt\u011b zn\u00e1m\u00fd nejen d\u00edky sv\u00fdm kontroverzn\u00edm plastik\u00e1m. Mluvilo se o n\u011bm hodn\u011b v\u00a0souvislosti s\u00a0Entropou, co\u017e byla instalace, kter\u00e1 m\u011bla reprezentovat \u010ceskou republiku v\u00a0dob\u011b jej\u00edho p\u0159edsednictv\u00ed EU. K\u00a0lond\u00fdnsk\u00e9 olympi\u00e1d\u011b pak p\u0159ipravil autobus, kter\u00fd d\u011bl\u00e1 kliky podobn\u011b jako atleti. Autobus st\u00e1l p\u0159ed \u010cesk\u00fdm domem v\u00a0Lond\u00fdn\u011b a vyslou\u017eil si neoby\u010dejnou pozornost ve\u0159ejnosti. Bohu\u017eel cel\u00fd projekt m\u011bl dohru v\u00a0incidentu s\u00a0Andrejem Babi\u0161em.\t\tMagdalena Ko\u017een\u00e1\tNen\u00ed p\u0159\u00edli\u0161 mnoho \u010desk\u00fdch opern\u00edch p\u011bvky\u0148, kter\u00e9 by dos\u00e1hly takov\u00e9ho v\u011bhlasu pr\u00e1v\u011b jako Magdalena Ko\u017een\u00e1. Krom\u011b koncertn\u00edch vystoupen\u00ed po cel\u00e9m sv\u011bt\u011b, m\u00e1 na sv\u00e9m kont\u011b tak\u00e9 bohatou diskografii. Jej\u00ed dom\u00e9nou je p\u0159edev\u0161\u00edm barokn\u00ed a klasicistn\u00ed hudba. Sv\u00fdm zp\u016fsobem je v\u00fdjime\u010dn\u00e1 i t\u00edm, jak dok\u00e1zala spojit vrcholnou um\u011bleckou kari\u00e9ru s\u00a0p\u00e9\u010d\u00ed o t\u0159i d\u011bti.                                                                                                                                                                                                                                                                                                                                                                                        4.1\/5 - (16 votes)        "},{"@context":"https:\/\/schema.org\/","@type":"BreadcrumbList","itemListElement":[{"@type":"ListItem","position":1,"name":"\u010ce\u0161i, kte\u0159\u00ed dobyli sv\u011bt","item":"https:\/\/www.transtur.cz\/cesi-kteri-dobyli-svet\/#breadcrumbitem"}]}]